{"id":199,"date":"2026-01-27T23:29:44","date_gmt":"2026-01-27T22:29:44","guid":{"rendered":"https:\/\/reportefinal.com\/?p=199"},"modified":"2026-01-27T23:31:03","modified_gmt":"2026-01-27T22:31:03","slug":"tierra-de-gracia-sin-verdad-no-hay-libertad","status":"publish","type":"post","link":"https:\/\/reportefinal.com\/?p=199","title":{"rendered":"Tierra de Gracia: Sin verdad no hay libertad"},"content":{"rendered":"\n<p>Por\u00a0<a href=\"https:\/\/www.elnacional.com\/author\/col-carlosperezariza\/\">Carlos P\u00e9rez-Ariza<\/a><\/p>\n\n\n\n<p><\/p>\n\n\n\n<p><strong>Es pr\u00e1ctica habitual mentir, entre pol\u00edticos progresistas-populistas. Aclarar los hechos, diciendo la verdad, se les hace imposible, pues se autoinculpar\u00edan, ense\u00f1ando errores, corruptelas y desmanes de sus gobiernos. Mentir se les vuelve costumbre. Todo por aferrarse al inmenso poder del Estado<\/strong><\/p>\n\n\n\n<p>Espa\u00f1a hierve en el caldero de hechos graves sin aclarar, que se le acumulan al gobierno social-comunista de&nbsp;<strong>Pedro S\u00e1nchez<\/strong>. Expertos en ocultar la verdad de los sucesos del a\u00f1o pasado y este, que apenas comienza \u2013cat\u00e1strofe por la erupci\u00f3n del volc\u00e1n de La Palma\/Canarias; apag\u00f3n nacional en abril pasado; causas judiciales de sus dos familiares (esposa y hermano), pol\u00edticos y cargos p\u00fablicos; la tragedia en&nbsp; Valencia, con m\u00e1s de 200 muertos y graves da\u00f1os materiales; el deterioro progresivo de la red ferroviaria: cercan\u00edas y Alta Velocidad Espa\u00f1ola (AVE), la \u00faltima con decenas de fallecidos y 100 heridos\u2013, son&nbsp; una muestra del ejercicio de echar la culpa a otros: la naturaleza, proveedores deficientes, personal ineficiente, ocultar el despilfarro de&nbsp; presupuestos y la corrupci\u00f3n que campa tras los hechos. Excusas siempre, ocultar la verdad, todo menos asumir la responsabilidad de una mala pr\u00e1ctica del gobernar. Todo esto sin olvidar las \u00edntimas relaciones que se investigan en Espa\u00f1a sobre los negocios turbios entre el chavismo y pol\u00edticos de aqu\u00ed: Zapatero, gente de Podemos y el gobierno de S\u00e1nchez.<\/p>\n\n\n\n<p>El reciente accidente del AVE y otro tren ha derramado el vaso lleno de improperios. Y siguen disfrazando la verdad cobijados por la mentira. Asumir la verdad tiene un alto costo: perder el poder. Ante tantas tragedias seguidas, el noble pueblo espa\u00f1ol aguanta y mucho. El problema de la mentira instalada por S\u00e1nchez, su gobierno y sus c\u00f3mplices \u2013socios y cierta prensa\u2013 parece haber anestesiado a la sociedad espa\u00f1ola. Es una caracter\u00edstica de mentir sin medida \u2013lo sab\u00eda Goebbels\u2013. La gente sigue viviendo en este magma de mentiras. No parece exigir una verdad, al menos algo de claridad.&nbsp; No, sigue en la calle gozando de una Espa\u00f1a agradable, que no merece tanta estulticia. Pero aqu\u00ed sigue la Espa\u00f1a eterna.<\/p>\n\n\n\n<p>El orgullo, desde la Expo de Sevilla en 1992, era la red del AVE. Una modernidad de puntualidad, seguridad y buen servicio. S\u00f3lo los trenes balas de Jap\u00f3n iban por delante. La Espa\u00f1a del turismo, como empresa puntera en Europa, ten\u00eda unos trenes al servicio de los nacionales y visitantes extranjeros. Todo eso se ha derrumbado. Ahora, el viajar en AVE es un riesgo: atrasos de salida y llegada, quedar parado en medio del campo horas, sin poder salir del coche o, como en estos d\u00edas, morir sin merecerlo. Aqu\u00ed estamos ante la fase final de la mentira. Un gobierno puede mentir, pero no hasta el fin de los tiempos.<\/p>\n\n\n\n<p>Claro, Espa\u00f1a no tiene un gobierno que utilice la mentira en exclusiva. La querida Venezuela tiene el suyo. Se montaron hace un cuarto de siglo sobre la mentira y siguen mintiendo. Tras el 3 de enero con la operaci\u00f3n de captura del delincuente Maduro, el r\u00e9gimen narcoterrorista no se ha bajado de la mentira institucionalizada. Se les ha hecho una costumbre demasiado dif\u00edcil de borrar. Para Delcy Rodr\u00edguez, su hermano Jorge y los dem\u00e1s cabecillas del clan mafioso, navegan bien en esa escoria, donde mentir les otorga un tiempo precioso para maniobrar y sacar tajada a su provecho.&nbsp;<\/p>\n\n\n\n<p>Al plan Trump \u2013un negociador experto en dar dos pasos adelante y uno atr\u00e1s\u2013 puede que se le escapen estos escurridizos comunistas, que cuentan con los cubanos, especialistas en mentir desde hace casi 70 a\u00f1os. Pueden estar armando un gobierno chavista suave, azul por fuera y rojo por dentro, con tal de mantener el poder. Un futuro con la vista puesta en pactar, todo lo que haya que negociar, con tal de seguir all\u00ed disfrazados de chavistas buenos y democr\u00e1ticos. Hasta ahora, van manejando los tiempos. Seg\u00fan acuerdos, las familias chavistas, que tienen como rehenes a los presos pol\u00edticos para intercambiarlos cuando les convienen; los sueltan, gota a gota. No tienen prisas. Saben que tienen un capital tras las rejas y a toda la poblaci\u00f3n, igualmente, como prisioneros. Solo cuando Venezuela est\u00e9 libre de los presos de la dictadura, la transici\u00f3n habr\u00e1 comenzado. Ya sabemos: Sin verdad no hay libertad.<\/p>\n\n\n\n<p><\/p>\n","protected":false},"excerpt":{"rendered":"<p>Por\u00a0Carlos P\u00e9rez-Ariza Es pr\u00e1ctica habitual mentir, entre pol\u00edticos progresistas-populistas. Aclarar los hechos, diciendo la verdad, se les hace imposible, pues se autoinculpar\u00edan, ense\u00f1ando errores, corruptelas y desmanes de sus gobiernos. Mentir se les vuelve costumbre. Todo por aferrarse al inmenso poder del Estado Espa\u00f1a hierve en el caldero de hechos graves sin aclarar, que se [&hellip;]<\/p>\n","protected":false},"author":1,"featured_media":200,"comment_status":"open","ping_status":"open","sticky":false,"template":"","format":"standard","meta":{"footnotes":""},"categories":[12],"tags":[],"class_list":{"0":"post-199","1":"post","2":"type-post","3":"status-publish","4":"format-standard","5":"has-post-thumbnail","7":"category-opinion"},"yoast_head":"<!-- This site is optimized with the Yoast SEO plugin v26.8 - https:\/\/yoast.com\/product\/yoast-seo-wordpress\/ -->\n<title>Tierra de Gracia: Sin verdad no hay libertad - Reporte Final<\/title>\n<meta name=\"robots\" content=\"index, follow, max-snippet:-1, max-image-preview:large, max-video-preview:-1\" \/>\n<link rel=\"canonical\" href=\"https:\/\/reportefinal.com\/?p=199\" \/>\n<meta property=\"og:locale\" content=\"es_ES\" \/>\n<meta property=\"og:type\" content=\"article\" \/>\n<meta property=\"og:title\" content=\"Tierra de Gracia: Sin verdad no hay libertad - Reporte Final\" \/>\n<meta property=\"og:description\" content=\"Por\u00a0Carlos P\u00e9rez-Ariza Es pr\u00e1ctica habitual mentir, entre pol\u00edticos progresistas-populistas. Aclarar los hechos, diciendo la verdad, se les hace imposible, pues se autoinculpar\u00edan, ense\u00f1ando errores, corruptelas y desmanes de sus gobiernos. Mentir se les vuelve costumbre. Todo por aferrarse al inmenso poder del Estado Espa\u00f1a hierve en el caldero de hechos graves sin aclarar, que se [&hellip;]\" \/>\n<meta property=\"og:url\" content=\"https:\/\/reportefinal.com\/?p=199\" \/>\n<meta property=\"og:site_name\" content=\"Reporte Final\" \/>\n<meta property=\"article:published_time\" content=\"2026-01-27T22:29:44+00:00\" \/>\n<meta property=\"article:modified_time\" content=\"2026-01-27T22:31:03+00:00\" \/>\n<meta property=\"og:image\" content=\"https:\/\/reportefinal.com\/wp-content\/uploads\/2026\/01\/Pedro-Sanchez.jpg\" \/>\n\t<meta property=\"og:image:width\" content=\"1920\" \/>\n\t<meta property=\"og:image:height\" content=\"1080\" \/>\n\t<meta property=\"og:image:type\" content=\"image\/jpeg\" \/>\n<meta name=\"author\" content=\"Admin\" \/>\n<meta name=\"twitter:card\" content=\"summary_large_image\" \/>\n<meta name=\"twitter:label1\" content=\"Escrito por\" \/>\n\t<meta name=\"twitter:data1\" content=\"Admin\" \/>\n\t<meta name=\"twitter:label2\" content=\"Tiempo de lectura\" \/>\n\t<meta name=\"twitter:data2\" content=\"4 minutos\" \/>\n<script type=\"application\/ld+json\" class=\"yoast-schema-graph\">{\"@context\":\"https:\/\/schema.org\",\"@graph\":[{\"@type\":\"Article\",\"@id\":\"https:\/\/reportefinal.com\/?p=199#article\",\"isPartOf\":{\"@id\":\"https:\/\/reportefinal.com\/?p=199\"},\"author\":{\"name\":\"Admin\",\"@id\":\"https:\/\/reportefinal.com\/#\/schema\/person\/9550bea0e83b9c5a9c4ae6af2108ef71\"},\"headline\":\"Tierra de Gracia: Sin verdad no hay libertad\",\"datePublished\":\"2026-01-27T22:29:44+00:00\",\"dateModified\":\"2026-01-27T22:31:03+00:00\",\"mainEntityOfPage\":{\"@id\":\"https:\/\/reportefinal.com\/?p=199\"},\"wordCount\":756,\"commentCount\":0,\"image\":{\"@id\":\"https:\/\/reportefinal.com\/?p=199#primaryimage\"},\"thumbnailUrl\":\"https:\/\/reportefinal.com\/wp-content\/uploads\/2026\/01\/Pedro-Sanchez.jpg\",\"articleSection\":[\"OPINI\u00d6N\"],\"inLanguage\":\"es\",\"potentialAction\":[{\"@type\":\"CommentAction\",\"name\":\"Comment\",\"target\":[\"https:\/\/reportefinal.com\/?p=199#respond\"]}]},{\"@type\":\"WebPage\",\"@id\":\"https:\/\/reportefinal.com\/?p=199\",\"url\":\"https:\/\/reportefinal.com\/?p=199\",\"name\":\"Tierra de Gracia: Sin verdad no hay libertad - Reporte Final\",\"isPartOf\":{\"@id\":\"https:\/\/reportefinal.com\/#website\"},\"primaryImageOfPage\":{\"@id\":\"https:\/\/reportefinal.com\/?p=199#primaryimage\"},\"image\":{\"@id\":\"https:\/\/reportefinal.com\/?p=199#primaryimage\"},\"thumbnailUrl\":\"https:\/\/reportefinal.com\/wp-content\/uploads\/2026\/01\/Pedro-Sanchez.jpg\",\"datePublished\":\"2026-01-27T22:29:44+00:00\",\"dateModified\":\"2026-01-27T22:31:03+00:00\",\"author\":{\"@id\":\"https:\/\/reportefinal.com\/#\/schema\/person\/9550bea0e83b9c5a9c4ae6af2108ef71\"},\"breadcrumb\":{\"@id\":\"https:\/\/reportefinal.com\/?p=199#breadcrumb\"},\"inLanguage\":\"es\",\"potentialAction\":[{\"@type\":\"ReadAction\",\"target\":[\"https:\/\/reportefinal.com\/?p=199\"]}]},{\"@type\":\"ImageObject\",\"inLanguage\":\"es\",\"@id\":\"https:\/\/reportefinal.com\/?p=199#primaryimage\",\"url\":\"https:\/\/reportefinal.com\/wp-content\/uploads\/2026\/01\/Pedro-Sanchez.jpg\",\"contentUrl\":\"https:\/\/reportefinal.com\/wp-content\/uploads\/2026\/01\/Pedro-Sanchez.jpg\",\"width\":1920,\"height\":1080},{\"@type\":\"BreadcrumbList\",\"@id\":\"https:\/\/reportefinal.com\/?p=199#breadcrumb\",\"itemListElement\":[{\"@type\":\"ListItem\",\"position\":1,\"name\":\"Portada\",\"item\":\"https:\/\/reportefinal.com\/\"},{\"@type\":\"ListItem\",\"position\":2,\"name\":\"Tierra de Gracia: Sin verdad no hay libertad\"}]},{\"@type\":\"WebSite\",\"@id\":\"https:\/\/reportefinal.com\/#website\",\"url\":\"https:\/\/reportefinal.com\/\",\"name\":\"Reporte Final\",\"description\":\"\",\"potentialAction\":[{\"@type\":\"SearchAction\",\"target\":{\"@type\":\"EntryPoint\",\"urlTemplate\":\"https:\/\/reportefinal.com\/?s={search_term_string}\"},\"query-input\":{\"@type\":\"PropertyValueSpecification\",\"valueRequired\":true,\"valueName\":\"search_term_string\"}}],\"inLanguage\":\"es\"},{\"@type\":\"Person\",\"@id\":\"https:\/\/reportefinal.com\/#\/schema\/person\/9550bea0e83b9c5a9c4ae6af2108ef71\",\"name\":\"Admin\",\"image\":{\"@type\":\"ImageObject\",\"inLanguage\":\"es\",\"@id\":\"https:\/\/reportefinal.com\/#\/schema\/person\/image\/\",\"url\":\"https:\/\/secure.gravatar.com\/avatar\/af1566dcf97dd9eb8d855ff5e3af5d8945d5eee3db50a52c81a18bcfc931c8a0?s=96&d=mm&r=g\",\"contentUrl\":\"https:\/\/secure.gravatar.com\/avatar\/af1566dcf97dd9eb8d855ff5e3af5d8945d5eee3db50a52c81a18bcfc931c8a0?s=96&d=mm&r=g\",\"caption\":\"Admin\"},\"sameAs\":[\"https:\/\/reportefinal.com\"],\"url\":\"https:\/\/reportefinal.com\/?author=1\"}]}<\/script>\n<!-- \/ Yoast SEO plugin. -->","yoast_head_json":{"title":"Tierra de Gracia: Sin verdad no hay libertad - Reporte Final","robots":{"index":"index","follow":"follow","max-snippet":"max-snippet:-1","max-image-preview":"max-image-preview:large","max-video-preview":"max-video-preview:-1"},"canonical":"https:\/\/reportefinal.com\/?p=199","og_locale":"es_ES","og_type":"article","og_title":"Tierra de Gracia: Sin verdad no hay libertad - Reporte Final","og_description":"Por\u00a0Carlos P\u00e9rez-Ariza Es pr\u00e1ctica habitual mentir, entre pol\u00edticos progresistas-populistas. Aclarar los hechos, diciendo la verdad, se les hace imposible, pues se autoinculpar\u00edan, ense\u00f1ando errores, corruptelas y desmanes de sus gobiernos. Mentir se les vuelve costumbre. Todo por aferrarse al inmenso poder del Estado Espa\u00f1a hierve en el caldero de hechos graves sin aclarar, que se [&hellip;]","og_url":"https:\/\/reportefinal.com\/?p=199","og_site_name":"Reporte Final","article_published_time":"2026-01-27T22:29:44+00:00","article_modified_time":"2026-01-27T22:31:03+00:00","og_image":[{"width":1920,"height":1080,"url":"https:\/\/reportefinal.com\/wp-content\/uploads\/2026\/01\/Pedro-Sanchez.jpg","type":"image\/jpeg"}],"author":"Admin","twitter_card":"summary_large_image","twitter_misc":{"Escrito por":"Admin","Tiempo de lectura":"4 minutos"},"schema":{"@context":"https:\/\/schema.org","@graph":[{"@type":"Article","@id":"https:\/\/reportefinal.com\/?p=199#article","isPartOf":{"@id":"https:\/\/reportefinal.com\/?p=199"},"author":{"name":"Admin","@id":"https:\/\/reportefinal.com\/#\/schema\/person\/9550bea0e83b9c5a9c4ae6af2108ef71"},"headline":"Tierra de Gracia: Sin verdad no hay libertad","datePublished":"2026-01-27T22:29:44+00:00","dateModified":"2026-01-27T22:31:03+00:00","mainEntityOfPage":{"@id":"https:\/\/reportefinal.com\/?p=199"},"wordCount":756,"commentCount":0,"image":{"@id":"https:\/\/reportefinal.com\/?p=199#primaryimage"},"thumbnailUrl":"https:\/\/reportefinal.com\/wp-content\/uploads\/2026\/01\/Pedro-Sanchez.jpg","articleSection":["OPINI\u00d6N"],"inLanguage":"es","potentialAction":[{"@type":"CommentAction","name":"Comment","target":["https:\/\/reportefinal.com\/?p=199#respond"]}]},{"@type":"WebPage","@id":"https:\/\/reportefinal.com\/?p=199","url":"https:\/\/reportefinal.com\/?p=199","name":"Tierra de Gracia: Sin verdad no hay libertad - Reporte Final","isPartOf":{"@id":"https:\/\/reportefinal.com\/#website"},"primaryImageOfPage":{"@id":"https:\/\/reportefinal.com\/?p=199#primaryimage"},"image":{"@id":"https:\/\/reportefinal.com\/?p=199#primaryimage"},"thumbnailUrl":"https:\/\/reportefinal.com\/wp-content\/uploads\/2026\/01\/Pedro-Sanchez.jpg","datePublished":"2026-01-27T22:29:44+00:00","dateModified":"2026-01-27T22:31:03+00:00","author":{"@id":"https:\/\/reportefinal.com\/#\/schema\/person\/9550bea0e83b9c5a9c4ae6af2108ef71"},"breadcrumb":{"@id":"https:\/\/reportefinal.com\/?p=199#breadcrumb"},"inLanguage":"es","potentialAction":[{"@type":"ReadAction","target":["https:\/\/reportefinal.com\/?p=199"]}]},{"@type":"ImageObject","inLanguage":"es","@id":"https:\/\/reportefinal.com\/?p=199#primaryimage","url":"https:\/\/reportefinal.com\/wp-content\/uploads\/2026\/01\/Pedro-Sanchez.jpg","contentUrl":"https:\/\/reportefinal.com\/wp-content\/uploads\/2026\/01\/Pedro-Sanchez.jpg","width":1920,"height":1080},{"@type":"BreadcrumbList","@id":"https:\/\/reportefinal.com\/?p=199#breadcrumb","itemListElement":[{"@type":"ListItem","position":1,"name":"Portada","item":"https:\/\/reportefinal.com\/"},{"@type":"ListItem","position":2,"name":"Tierra de Gracia: Sin verdad no hay libertad"}]},{"@type":"WebSite","@id":"https:\/\/reportefinal.com\/#website","url":"https:\/\/reportefinal.com\/","name":"Reporte Final","description":"","potentialAction":[{"@type":"SearchAction","target":{"@type":"EntryPoint","urlTemplate":"https:\/\/reportefinal.com\/?s={search_term_string}"},"query-input":{"@type":"PropertyValueSpecification","valueRequired":true,"valueName":"search_term_string"}}],"inLanguage":"es"},{"@type":"Person","@id":"https:\/\/reportefinal.com\/#\/schema\/person\/9550bea0e83b9c5a9c4ae6af2108ef71","name":"Admin","image":{"@type":"ImageObject","inLanguage":"es","@id":"https:\/\/reportefinal.com\/#\/schema\/person\/image\/","url":"https:\/\/secure.gravatar.com\/avatar\/af1566dcf97dd9eb8d855ff5e3af5d8945d5eee3db50a52c81a18bcfc931c8a0?s=96&d=mm&r=g","contentUrl":"https:\/\/secure.gravatar.com\/avatar\/af1566dcf97dd9eb8d855ff5e3af5d8945d5eee3db50a52c81a18bcfc931c8a0?s=96&d=mm&r=g","caption":"Admin"},"sameAs":["https:\/\/reportefinal.com"],"url":"https:\/\/reportefinal.com\/?author=1"}]}},"_links":{"self":[{"href":"https:\/\/reportefinal.com\/index.php?rest_route=\/wp\/v2\/posts\/199","targetHints":{"allow":["GET"]}}],"collection":[{"href":"https:\/\/reportefinal.com\/index.php?rest_route=\/wp\/v2\/posts"}],"about":[{"href":"https:\/\/reportefinal.com\/index.php?rest_route=\/wp\/v2\/types\/post"}],"author":[{"embeddable":true,"href":"https:\/\/reportefinal.com\/index.php?rest_route=\/wp\/v2\/users\/1"}],"replies":[{"embeddable":true,"href":"https:\/\/reportefinal.com\/index.php?rest_route=%2Fwp%2Fv2%2Fcomments&post=199"}],"version-history":[{"count":2,"href":"https:\/\/reportefinal.com\/index.php?rest_route=\/wp\/v2\/posts\/199\/revisions"}],"predecessor-version":[{"id":202,"href":"https:\/\/reportefinal.com\/index.php?rest_route=\/wp\/v2\/posts\/199\/revisions\/202"}],"wp:featuredmedia":[{"embeddable":true,"href":"https:\/\/reportefinal.com\/index.php?rest_route=\/wp\/v2\/media\/200"}],"wp:attachment":[{"href":"https:\/\/reportefinal.com\/index.php?rest_route=%2Fwp%2Fv2%2Fmedia&parent=199"}],"wp:term":[{"taxonomy":"category","embeddable":true,"href":"https:\/\/reportefinal.com\/index.php?rest_route=%2Fwp%2Fv2%2Fcategories&post=199"},{"taxonomy":"post_tag","embeddable":true,"href":"https:\/\/reportefinal.com\/index.php?rest_route=%2Fwp%2Fv2%2Ftags&post=199"}],"curies":[{"name":"wp","href":"https:\/\/api.w.org\/{rel}","templated":true}]}}