{"id":195,"date":"2026-01-27T23:14:37","date_gmt":"2026-01-27T22:14:37","guid":{"rendered":"https:\/\/reportefinal.com\/?p=195"},"modified":"2026-01-28T09:36:05","modified_gmt":"2026-01-28T08:36:05","slug":"como-es-y-a-quien-beneficia-el-nuevo-plan-del-gobierno-de-espana-para-regularizar-a-centenares-de-miles-de-migrantes","status":"publish","type":"post","link":"https:\/\/reportefinal.com\/?p=195","title":{"rendered":"C\u00f3mo es y a qui\u00e9n beneficia el nuevo plan del gobierno de Espa\u00f1a para regularizar a centenares de miles de migrantes"},"content":{"rendered":"\n<h2 class=\"wp-block-heading\">La ministra de Inclusi\u00f3n, Seguridad Social y Migraciones, Elma Saiz, dijo que la medida era \u00abnecesaria para dar respuesta a la realidad que existe en nuestras calles\u00bb<\/h2>\n\n\n\n<p><strong>El gobierno de Espa\u00f1a anunci\u00f3 este martes un decreto que llevar\u00e1 a la regularizaci\u00f3n extraordinaria de personas extranjeras que est\u00e1n en Espa\u00f1a.<\/strong><\/p>\n\n\n\n<p>\u00ab<a href=\"https:\/\/www.elnacional.com\/2026\/01\/espana-aprobara-una-regularizacion-extraordinaria-de-los-migrantes-lo-que-se-sabe\/\" target=\"_blank\" rel=\"noreferrer noopener\">Hoy es un d\u00eda hist\u00f3rico<\/a>\u00ab, dijo la ministra de Inclusi\u00f3n, Seguridad Social y Migraciones, Elma Saiz, en la rueda de prensa en la que dio a conocer la medida.<\/p>\n\n\n\n<p>Saiz dijo que la medida era \u00abnecesaria para dar respuesta a la realidad que existe en nuestras calles\u00bb.<\/p>\n\n\n\n<p>En declaraciones anteriores dijo que el objetivo es \u00abreconocer, dignificar y dar garant\u00edas, oportunidades y derechos a personas que ya est\u00e1n en nuestro pa\u00eds\u00bb.<\/p>\n\n\n\n<p>Tambi\u00e9n aclar\u00f3 que el procedimiento ser\u00e1 \u00absencillo y persigue romper barreras burocr\u00e1ticas del pasado\u00bb.<\/p>\n\n\n\n<p>No se ejecutaba una medida similar en Espa\u00f1a desde hac\u00eda m\u00e1s de 20 a\u00f1os y, en este caso, se esima que beneficiar\u00e1 a m\u00e1s de 500.000 personas.<\/p>\n\n\n\n<p>Es fruto de un acuerdo con Podemos, partido de izquierda y socio del gobierno del socialista Pedro S\u00e1nchez, as\u00ed como de una \u00absuma de voluntades que ponen en el centro a las personas\u00bb, seg\u00fan afirmaron fuentes del Ejecutivo y que recogen medios espa\u00f1oles.<\/p>\n\n\n\n<p><strong>A qui\u00e9n beneficiar\u00e1<\/strong><\/p>\n\n\n\n<p>A esta medida podr\u00e1n acogerse las personas que actualmente se encuentren en Espa\u00f1a en situaci\u00f3n irregular o sean solicitantes de asilo.<\/p>\n\n\n\n<p>Deben acreditar estar en Espa\u00f1a o ser solicitantes de protecci\u00f3n internacional antes del 31 de diciembre de 2025 y que lleven m\u00e1s de cinco meses en el pa\u00eds.<\/p>\n\n\n\n<p>Para acreditar la permanencia en Espa\u00f1a, habr\u00e1 que presentar \u00abcualquier documento p\u00fablico, privado o una combinaci\u00f3n de ambos\u00bb. En este caso, podr\u00e1n ser documentos como el empadronamiento, contratos de alquiler, informes de citas m\u00e9dicas o certificados de asistencia a recursos sociales.<\/p>\n\n\n\n<p>Pero tambi\u00e9n se podr\u00e1 acreditar con los justificantes de env\u00edo de remesas, algo que es una demanda de diversas entidades sociales por las dificultas que suelen tener las personas en situaci\u00f3n irregular para acceder al padr\u00f3n o a contratos oficiales de cualquier tipo.<\/p>\n\n\n\n<p>Otra de los requisitos ser\u00e1 que la persona no tenga antecedentes penales \u00abni suponer una amenaza para el orden p\u00fablico\u00bb.<\/p>\n\n\n\n<p>El plazo para presentar solicitudes arrancar\u00e1 a principios de abril y durar\u00e1 hasta fines de junio.<\/p>\n\n\n\n<p><strong>Sin expulsi\u00f3n<\/strong><br>Una de las garant\u00edas que tendr\u00e1 esta medida es que, tras presentarse la solicitud de regularizaci\u00f3n, quedar\u00e1 suspendidos todos los procedimientos de retorno, as\u00ed como las \u00f3rdenes de expulsi\u00f3n por motivos administrativos o por trabajar sin permiso que la persona solicitante pueda tener.<\/p>\n\n\n\n<p>La ministra de Seguridad Social y Migraciones dijo que con esto se har\u00e1 una \u00abintegraci\u00f3n plena y progresiva en el sistema\u00bb. As\u00ed, se dar\u00e1 una autorizaci\u00f3n de residencia provisional que permitir\u00e1 trabajar de forma legal y acceder a otros derechos fundamentales, como la asistencia sanitaria.<\/p>\n\n\n\n<p>La administraci\u00f3n se da un margen de hasta tres meses para resolver las peticiones, aunque con la mera admisi\u00f3n a tr\u00e1mite, en un m\u00e1ximo de 15 d\u00edas, los inmigrantes solicitantes ya podr\u00e1n empezar a trabajar \u00abdesde el primer d\u00eda en cualquier sector y en cualquier parte del pa\u00eds\u00bb, matiz\u00f3 Saiz.<\/p>\n\n\n\n<p>\u00abEsto beneficia al trabajador, que gana en derechos y a las empresas, que ganan en seguridad jur\u00eddica\u00bb, a\u00f1adi\u00f3.<\/p>\n\n\n\n<p>Despu\u00e9s, una vez hecho el tr\u00e1mite y si la resoluci\u00f3n para la persona es favorable, el Estado conceder\u00e1 una autorizaci\u00f3n de residencia por un periodo de un a\u00f1o y, cuando esta finalice, ser\u00e1 posible solicitar una autorizaci\u00f3n ordinaria conforme al reglamento de extranjer\u00eda.<\/p>\n\n\n\n<p>La ministra aclar\u00f3 que la medida tambi\u00e9n busca la integraci\u00f3n familiar y que por ello se amparar\u00e1 a hijas e hijos de los solicitantes de esta regularizaci\u00f3n, en este caso con 5 a\u00f1os de permiso.<\/p>\n\n\n\n<h2 class=\"wp-block-heading\" id=\"Sin-pasar-por-el-Congreso\">Sin pasar por el Congreso<\/h2>\n\n\n\n<p>Al ser una medida que se aprobar\u00e1 mediante un Real Decreto, es decir, que nace del Ejecutivo, no tendr\u00e1 que pasar por el Congreso, donde al Gobierno y a sus socios se les hace m\u00e1s complejo conseguir una mayor\u00eda al tener a los Partido Popular (PP, derecha) y Vox (ultraderecha) en contra.<\/p>\n\n\n\n<p>Esto retoma una iniciativa legislativa popular que lleg\u00f3 al Congreso respaldada por m\u00e1s de 600.000 firmas y que lleg\u00f3 a superar un primer tr\u00e1mite con el apoyo de todos los grupos parlamentarios menos Vox en abril de 2024.<\/p>\n\n\n\n<p>Desde entonces estaba bloqueada por la falta de acuerdo parlamentario.<\/p>\n\n\n\n<p>Tambi\u00e9n llega tras un intenso pulso con cientos de organizaciones cuya ideolog\u00eda ocupa un amplio espectro ideol\u00f3gico y que van desde entidades religiosas, como la Conferencia Episcopal, as\u00ed como asociaciones anarquista y colectivos empresariales.<\/p>\n\n\n\n<p>Despu\u00e9s de la aprobaci\u00f3n del Consejo de Ministros por tramitaci\u00f3n urgente, el documento ir\u00e1 a audiencia p\u00fablica y la posible elaboraci\u00f3n de informes de diversos ministerios. Luego, el document\u00f3 ir\u00e1 al Consejo de Estado y, de vuelta, al Consejo de Ministros.<\/p>\n\n\n\n<p>El Partido Popular (PP) rechaz\u00f3 la medida. \u00abNo entendemos las regularizaciones masivas y adem\u00e1s vinculadas a la residencia durante 5 meses y no al empleo\u00bb, dijo la portavoz del Partido Popular en el Congreso, Ester Mu\u00f1oz. \u00ablas regularizaciones masivas son ilegales (\u2026) hay que regularizar persona a persona\u00bb.<\/p>\n\n\n\n<p>Por su lado, Vox anunci\u00f3 este martes que recurrir\u00e1 real decreto ante el Tribunal Supremo. Consideran la medida como una \u00ablocura\u00bb y una \u00abbarbaridad\u00bb y que la media es, para ellos, un atentado a la identidad nacional adem\u00e1s de \u00abfomentar el efecto llamada\u00bb.<\/p>\n\n\n\n<p>El presidente de la Conferencia Episcopal de Espa\u00f1a, Luis Arg\u00fcello, dijo que esto es \u00abuna buena noticia\u00bb que aportar\u00eda al \u00abbien com\u00fan de muchos inmigrantes\u00bb y que \u00abse reconoce as\u00ed su dignidad\u00bb, dijo en declaraciones al diario El Pa\u00eds.<\/p>\n\n\n\n<h2 class=\"wp-block-heading\" id=\"Una-medida-tomada-por-distintos-gobiernos\">Una medida tomada por distintos gobiernos<\/h2>\n\n\n\n<p>Si bien esta es la primera regularizaci\u00f3n de inmigrantes que se hace en Espa\u00f1a durante los gobiernos de Pedro S\u00e1nchez, quien lleg\u00f3 al poder en 2018, no es algo nuevo en el pa\u00eds.<\/p>\n\n\n\n<p>La anterior tuvo lugar en 2005, durante la gesti\u00f3n de Jos\u00e9 Luis Rodr\u00edguez Zapatero (PSOE) y est\u00e1 considerada la que a m\u00e1s personas benefici\u00f3 a m\u00e1s de 570.000 personas.<\/p>\n\n\n\n<p>Bajo el gobierno de Jos\u00e9 Mar\u00eda Aznar (PP) se hicieron tres regularizaciones, en 1996, 2000 y 2001, de las que se beneficiaron m\u00e1s de 520.000 personas en total.<\/p>\n\n\n\n<p>Las primeras regularizaciones ocurrieron durante el gobierno socialista de Felipe Gonz\u00e1lez (1982-1996).<\/p>\n\n\n\n<p><br><\/p>\n\n\n\n<p><\/p>\n","protected":false},"excerpt":{"rendered":"<p>La ministra de Inclusi\u00f3n, Seguridad Social y Migraciones, Elma Saiz, dijo que la medida era \u00abnecesaria para dar respuesta a la realidad que existe en nuestras calles\u00bb El gobierno de Espa\u00f1a anunci\u00f3 este martes un decreto que llevar\u00e1 a la regularizaci\u00f3n extraordinaria de personas extranjeras que est\u00e1n en Espa\u00f1a. \u00abHoy es un d\u00eda hist\u00f3rico\u00ab, dijo [&hellip;]<\/p>\n","protected":false},"author":1,"featured_media":197,"comment_status":"open","ping_status":"open","sticky":true,"template":"","format":"standard","meta":{"footnotes":""},"categories":[3],"tags":[14,15],"class_list":{"0":"post-195","1":"post","2":"type-post","3":"status-publish","4":"format-standard","5":"has-post-thumbnail","9":"tag-migrantes-en-espana"},"yoast_head":"<!-- This site is optimized with the Yoast SEO plugin v26.8 - https:\/\/yoast.com\/product\/yoast-seo-wordpress\/ -->\n<title>C\u00f3mo es y a qui\u00e9n beneficia el nuevo plan del gobierno de Espa\u00f1a para regularizar a centenares de miles de migrantes - Reporte Final<\/title>\n<meta name=\"robots\" content=\"index, follow, max-snippet:-1, max-image-preview:large, max-video-preview:-1\" \/>\n<link rel=\"canonical\" href=\"https:\/\/reportefinal.com\/?p=195\" \/>\n<meta property=\"og:locale\" content=\"es_ES\" \/>\n<meta property=\"og:type\" content=\"article\" \/>\n<meta property=\"og:title\" content=\"C\u00f3mo es y a qui\u00e9n beneficia el nuevo plan del gobierno de Espa\u00f1a para regularizar a centenares de miles de migrantes - Reporte Final\" \/>\n<meta property=\"og:description\" content=\"La ministra de Inclusi\u00f3n, Seguridad Social y Migraciones, Elma Saiz, dijo que la medida era \u00abnecesaria para dar respuesta a la realidad que existe en nuestras calles\u00bb El gobierno de Espa\u00f1a anunci\u00f3 este martes un decreto que llevar\u00e1 a la regularizaci\u00f3n extraordinaria de personas extranjeras que est\u00e1n en Espa\u00f1a. \u00abHoy es un d\u00eda hist\u00f3rico\u00ab, dijo [&hellip;]\" \/>\n<meta property=\"og:url\" content=\"https:\/\/reportefinal.com\/?p=195\" \/>\n<meta property=\"og:site_name\" content=\"Reporte Final\" \/>\n<meta property=\"article:published_time\" content=\"2026-01-27T22:14:37+00:00\" \/>\n<meta property=\"article:modified_time\" content=\"2026-01-28T08:36:05+00:00\" \/>\n<meta property=\"og:image\" content=\"https:\/\/reportefinal.com\/wp-content\/uploads\/2026\/01\/Diseno-sin-titulo-56.jpg\" \/>\n\t<meta property=\"og:image:width\" content=\"1920\" \/>\n\t<meta property=\"og:image:height\" content=\"1080\" \/>\n\t<meta property=\"og:image:type\" content=\"image\/jpeg\" \/>\n<meta name=\"author\" content=\"Admin\" \/>\n<meta name=\"twitter:card\" content=\"summary_large_image\" \/>\n<meta name=\"twitter:label1\" content=\"Escrito por\" \/>\n\t<meta name=\"twitter:data1\" content=\"Admin\" \/>\n\t<meta name=\"twitter:label2\" content=\"Tiempo de lectura\" \/>\n\t<meta name=\"twitter:data2\" content=\"6 minutos\" \/>\n<script type=\"application\/ld+json\" class=\"yoast-schema-graph\">{\"@context\":\"https:\/\/schema.org\",\"@graph\":[{\"@type\":\"Article\",\"@id\":\"https:\/\/reportefinal.com\/?p=195#article\",\"isPartOf\":{\"@id\":\"https:\/\/reportefinal.com\/?p=195\"},\"author\":{\"name\":\"Admin\",\"@id\":\"https:\/\/reportefinal.com\/#\/schema\/person\/9550bea0e83b9c5a9c4ae6af2108ef71\"},\"headline\":\"C\u00f3mo es y a qui\u00e9n beneficia el nuevo plan del gobierno de Espa\u00f1a para regularizar a centenares de miles de migrantes\",\"datePublished\":\"2026-01-27T22:14:37+00:00\",\"dateModified\":\"2026-01-28T08:36:05+00:00\",\"mainEntityOfPage\":{\"@id\":\"https:\/\/reportefinal.com\/?p=195\"},\"wordCount\":1134,\"commentCount\":0,\"image\":{\"@id\":\"https:\/\/reportefinal.com\/?p=195#primaryimage\"},\"thumbnailUrl\":\"https:\/\/reportefinal.com\/wp-content\/uploads\/2026\/01\/Diseno-sin-titulo-56.jpg\",\"keywords\":[\"ESPA\u00d1A\",\"MIGRANTES EN ESPA\u00d1A\"],\"articleSection\":[\"ESPA\u00d1A\"],\"inLanguage\":\"es\",\"potentialAction\":[{\"@type\":\"CommentAction\",\"name\":\"Comment\",\"target\":[\"https:\/\/reportefinal.com\/?p=195#respond\"]}]},{\"@type\":\"WebPage\",\"@id\":\"https:\/\/reportefinal.com\/?p=195\",\"url\":\"https:\/\/reportefinal.com\/?p=195\",\"name\":\"C\u00f3mo es y a qui\u00e9n beneficia el nuevo plan del gobierno de Espa\u00f1a para regularizar a centenares de miles de migrantes - Reporte Final\",\"isPartOf\":{\"@id\":\"https:\/\/reportefinal.com\/#website\"},\"primaryImageOfPage\":{\"@id\":\"https:\/\/reportefinal.com\/?p=195#primaryimage\"},\"image\":{\"@id\":\"https:\/\/reportefinal.com\/?p=195#primaryimage\"},\"thumbnailUrl\":\"https:\/\/reportefinal.com\/wp-content\/uploads\/2026\/01\/Diseno-sin-titulo-56.jpg\",\"datePublished\":\"2026-01-27T22:14:37+00:00\",\"dateModified\":\"2026-01-28T08:36:05+00:00\",\"author\":{\"@id\":\"https:\/\/reportefinal.com\/#\/schema\/person\/9550bea0e83b9c5a9c4ae6af2108ef71\"},\"breadcrumb\":{\"@id\":\"https:\/\/reportefinal.com\/?p=195#breadcrumb\"},\"inLanguage\":\"es\",\"potentialAction\":[{\"@type\":\"ReadAction\",\"target\":[\"https:\/\/reportefinal.com\/?p=195\"]}]},{\"@type\":\"ImageObject\",\"inLanguage\":\"es\",\"@id\":\"https:\/\/reportefinal.com\/?p=195#primaryimage\",\"url\":\"https:\/\/reportefinal.com\/wp-content\/uploads\/2026\/01\/Diseno-sin-titulo-56.jpg\",\"contentUrl\":\"https:\/\/reportefinal.com\/wp-content\/uploads\/2026\/01\/Diseno-sin-titulo-56.jpg\",\"width\":1920,\"height\":1080},{\"@type\":\"BreadcrumbList\",\"@id\":\"https:\/\/reportefinal.com\/?p=195#breadcrumb\",\"itemListElement\":[{\"@type\":\"ListItem\",\"position\":1,\"name\":\"Portada\",\"item\":\"https:\/\/reportefinal.com\/\"},{\"@type\":\"ListItem\",\"position\":2,\"name\":\"C\u00f3mo es y a qui\u00e9n beneficia el nuevo plan del gobierno de Espa\u00f1a para regularizar a centenares de miles de migrantes\"}]},{\"@type\":\"WebSite\",\"@id\":\"https:\/\/reportefinal.com\/#website\",\"url\":\"https:\/\/reportefinal.com\/\",\"name\":\"Reporte Final\",\"description\":\"\",\"potentialAction\":[{\"@type\":\"SearchAction\",\"target\":{\"@type\":\"EntryPoint\",\"urlTemplate\":\"https:\/\/reportefinal.com\/?s={search_term_string}\"},\"query-input\":{\"@type\":\"PropertyValueSpecification\",\"valueRequired\":true,\"valueName\":\"search_term_string\"}}],\"inLanguage\":\"es\"},{\"@type\":\"Person\",\"@id\":\"https:\/\/reportefinal.com\/#\/schema\/person\/9550bea0e83b9c5a9c4ae6af2108ef71\",\"name\":\"Admin\",\"image\":{\"@type\":\"ImageObject\",\"inLanguage\":\"es\",\"@id\":\"https:\/\/reportefinal.com\/#\/schema\/person\/image\/\",\"url\":\"https:\/\/secure.gravatar.com\/avatar\/af1566dcf97dd9eb8d855ff5e3af5d8945d5eee3db50a52c81a18bcfc931c8a0?s=96&d=mm&r=g\",\"contentUrl\":\"https:\/\/secure.gravatar.com\/avatar\/af1566dcf97dd9eb8d855ff5e3af5d8945d5eee3db50a52c81a18bcfc931c8a0?s=96&d=mm&r=g\",\"caption\":\"Admin\"},\"sameAs\":[\"https:\/\/reportefinal.com\"],\"url\":\"https:\/\/reportefinal.com\/?author=1\"}]}<\/script>\n<!-- \/ Yoast SEO plugin. -->","yoast_head_json":{"title":"C\u00f3mo es y a qui\u00e9n beneficia el nuevo plan del gobierno de Espa\u00f1a para regularizar a centenares de miles de migrantes - Reporte Final","robots":{"index":"index","follow":"follow","max-snippet":"max-snippet:-1","max-image-preview":"max-image-preview:large","max-video-preview":"max-video-preview:-1"},"canonical":"https:\/\/reportefinal.com\/?p=195","og_locale":"es_ES","og_type":"article","og_title":"C\u00f3mo es y a qui\u00e9n beneficia el nuevo plan del gobierno de Espa\u00f1a para regularizar a centenares de miles de migrantes - Reporte Final","og_description":"La ministra de Inclusi\u00f3n, Seguridad Social y Migraciones, Elma Saiz, dijo que la medida era \u00abnecesaria para dar respuesta a la realidad que existe en nuestras calles\u00bb El gobierno de Espa\u00f1a anunci\u00f3 este martes un decreto que llevar\u00e1 a la regularizaci\u00f3n extraordinaria de personas extranjeras que est\u00e1n en Espa\u00f1a. \u00abHoy es un d\u00eda hist\u00f3rico\u00ab, dijo [&hellip;]","og_url":"https:\/\/reportefinal.com\/?p=195","og_site_name":"Reporte Final","article_published_time":"2026-01-27T22:14:37+00:00","article_modified_time":"2026-01-28T08:36:05+00:00","og_image":[{"width":1920,"height":1080,"url":"https:\/\/reportefinal.com\/wp-content\/uploads\/2026\/01\/Diseno-sin-titulo-56.jpg","type":"image\/jpeg"}],"author":"Admin","twitter_card":"summary_large_image","twitter_misc":{"Escrito por":"Admin","Tiempo de lectura":"6 minutos"},"schema":{"@context":"https:\/\/schema.org","@graph":[{"@type":"Article","@id":"https:\/\/reportefinal.com\/?p=195#article","isPartOf":{"@id":"https:\/\/reportefinal.com\/?p=195"},"author":{"name":"Admin","@id":"https:\/\/reportefinal.com\/#\/schema\/person\/9550bea0e83b9c5a9c4ae6af2108ef71"},"headline":"C\u00f3mo es y a qui\u00e9n beneficia el nuevo plan del gobierno de Espa\u00f1a para regularizar a centenares de miles de migrantes","datePublished":"2026-01-27T22:14:37+00:00","dateModified":"2026-01-28T08:36:05+00:00","mainEntityOfPage":{"@id":"https:\/\/reportefinal.com\/?p=195"},"wordCount":1134,"commentCount":0,"image":{"@id":"https:\/\/reportefinal.com\/?p=195#primaryimage"},"thumbnailUrl":"https:\/\/reportefinal.com\/wp-content\/uploads\/2026\/01\/Diseno-sin-titulo-56.jpg","keywords":["ESPA\u00d1A","MIGRANTES EN ESPA\u00d1A"],"articleSection":["ESPA\u00d1A"],"inLanguage":"es","potentialAction":[{"@type":"CommentAction","name":"Comment","target":["https:\/\/reportefinal.com\/?p=195#respond"]}]},{"@type":"WebPage","@id":"https:\/\/reportefinal.com\/?p=195","url":"https:\/\/reportefinal.com\/?p=195","name":"C\u00f3mo es y a qui\u00e9n beneficia el nuevo plan del gobierno de Espa\u00f1a para regularizar a centenares de miles de migrantes - Reporte Final","isPartOf":{"@id":"https:\/\/reportefinal.com\/#website"},"primaryImageOfPage":{"@id":"https:\/\/reportefinal.com\/?p=195#primaryimage"},"image":{"@id":"https:\/\/reportefinal.com\/?p=195#primaryimage"},"thumbnailUrl":"https:\/\/reportefinal.com\/wp-content\/uploads\/2026\/01\/Diseno-sin-titulo-56.jpg","datePublished":"2026-01-27T22:14:37+00:00","dateModified":"2026-01-28T08:36:05+00:00","author":{"@id":"https:\/\/reportefinal.com\/#\/schema\/person\/9550bea0e83b9c5a9c4ae6af2108ef71"},"breadcrumb":{"@id":"https:\/\/reportefinal.com\/?p=195#breadcrumb"},"inLanguage":"es","potentialAction":[{"@type":"ReadAction","target":["https:\/\/reportefinal.com\/?p=195"]}]},{"@type":"ImageObject","inLanguage":"es","@id":"https:\/\/reportefinal.com\/?p=195#primaryimage","url":"https:\/\/reportefinal.com\/wp-content\/uploads\/2026\/01\/Diseno-sin-titulo-56.jpg","contentUrl":"https:\/\/reportefinal.com\/wp-content\/uploads\/2026\/01\/Diseno-sin-titulo-56.jpg","width":1920,"height":1080},{"@type":"BreadcrumbList","@id":"https:\/\/reportefinal.com\/?p=195#breadcrumb","itemListElement":[{"@type":"ListItem","position":1,"name":"Portada","item":"https:\/\/reportefinal.com\/"},{"@type":"ListItem","position":2,"name":"C\u00f3mo es y a qui\u00e9n beneficia el nuevo plan del gobierno de Espa\u00f1a para regularizar a centenares de miles de migrantes"}]},{"@type":"WebSite","@id":"https:\/\/reportefinal.com\/#website","url":"https:\/\/reportefinal.com\/","name":"Reporte Final","description":"","potentialAction":[{"@type":"SearchAction","target":{"@type":"EntryPoint","urlTemplate":"https:\/\/reportefinal.com\/?s={search_term_string}"},"query-input":{"@type":"PropertyValueSpecification","valueRequired":true,"valueName":"search_term_string"}}],"inLanguage":"es"},{"@type":"Person","@id":"https:\/\/reportefinal.com\/#\/schema\/person\/9550bea0e83b9c5a9c4ae6af2108ef71","name":"Admin","image":{"@type":"ImageObject","inLanguage":"es","@id":"https:\/\/reportefinal.com\/#\/schema\/person\/image\/","url":"https:\/\/secure.gravatar.com\/avatar\/af1566dcf97dd9eb8d855ff5e3af5d8945d5eee3db50a52c81a18bcfc931c8a0?s=96&d=mm&r=g","contentUrl":"https:\/\/secure.gravatar.com\/avatar\/af1566dcf97dd9eb8d855ff5e3af5d8945d5eee3db50a52c81a18bcfc931c8a0?s=96&d=mm&r=g","caption":"Admin"},"sameAs":["https:\/\/reportefinal.com"],"url":"https:\/\/reportefinal.com\/?author=1"}]}},"_links":{"self":[{"href":"https:\/\/reportefinal.com\/index.php?rest_route=\/wp\/v2\/posts\/195","targetHints":{"allow":["GET"]}}],"collection":[{"href":"https:\/\/reportefinal.com\/index.php?rest_route=\/wp\/v2\/posts"}],"about":[{"href":"https:\/\/reportefinal.com\/index.php?rest_route=\/wp\/v2\/types\/post"}],"author":[{"embeddable":true,"href":"https:\/\/reportefinal.com\/index.php?rest_route=\/wp\/v2\/users\/1"}],"replies":[{"embeddable":true,"href":"https:\/\/reportefinal.com\/index.php?rest_route=%2Fwp%2Fv2%2Fcomments&post=195"}],"version-history":[{"count":1,"href":"https:\/\/reportefinal.com\/index.php?rest_route=\/wp\/v2\/posts\/195\/revisions"}],"predecessor-version":[{"id":198,"href":"https:\/\/reportefinal.com\/index.php?rest_route=\/wp\/v2\/posts\/195\/revisions\/198"}],"wp:featuredmedia":[{"embeddable":true,"href":"https:\/\/reportefinal.com\/index.php?rest_route=\/wp\/v2\/media\/197"}],"wp:attachment":[{"href":"https:\/\/reportefinal.com\/index.php?rest_route=%2Fwp%2Fv2%2Fmedia&parent=195"}],"wp:term":[{"taxonomy":"category","embeddable":true,"href":"https:\/\/reportefinal.com\/index.php?rest_route=%2Fwp%2Fv2%2Fcategories&post=195"},{"taxonomy":"post_tag","embeddable":true,"href":"https:\/\/reportefinal.com\/index.php?rest_route=%2Fwp%2Fv2%2Ftags&post=195"}],"curies":[{"name":"wp","href":"https:\/\/api.w.org\/{rel}","templated":true}]}}